{"id":2425,"date":"2020-10-22T08:46:10","date_gmt":"2020-10-22T08:46:10","guid":{"rendered":"https:\/\/artesaniadelapalma.com\/marlene-garcia-acero-artesana-decoracion-sobre-tela\/"},"modified":"2020-12-01T15:32:30","modified_gmt":"2020-12-01T15:32:30","slug":"marlene-garcia-acero-artesana-decoracion-sobre-tela","status":"publish","type":"post","link":"https:\/\/artesaniadelapalma.com\/de\/marlene-garcia-acero-artesana-decoracion-sobre-tela\/","title":{"rendered":"Marlene Garc\u00eda Acero, artesana decoraci\u00f3n sobre tela"},"content":{"rendered":"<p>Les presentamos a Marlene Garc\u00eda Acero, artesana en el oficio de la decoraci\u00f3n sobre tela.<\/p>\n<p>Marlene reivindica el amor por su trabajo, as\u00ed como la exclusividad de cada uno de sus dise\u00f1os y trabajos, al ser totalmente artesanales.<\/p>\n<p>[arve url=&#8220;https:\/\/youtu.be\/N6Q84MM0dSA&#8220; \/]<\/p>\n","protected":false},"excerpt":{"rendered":"<p>Les presentamos a Marlene Garc\u00eda Acero, artesana en el oficio de la decoraci\u00f3n sobre tela. Marlene reivindica el amor por&#8230;<\/p>\n","protected":false},"author":1,"featured_media":2426,"comment_status":"open","ping_status":"open","sticky":false,"template":"","format":"standard","meta":[],"categories":[307,361],"tags":[362,363,364,365],"yoast_head":"<!-- This site is optimized with the Yoast SEO plugin v21.1 - https:\/\/yoast.com\/wordpress\/plugins\/seo\/ -->\n<title>Marlene Garc\u00eda Acero, artesana decoraci\u00f3n sobre tela - Artesan\u00eda de La Palma<\/title>\n<meta name=\"description\" content=\"Les presentamos a Marlene Garc\u00eda Acero, artesana en el oficio de la decoraci\u00f3n sobre tela en la isla de La Palma\" \/>\n<meta name=\"robots\" content=\"index, follow, max-snippet:-1, max-image-preview:large, max-video-preview:-1\" \/>\n<link rel=\"canonical\" href=\"https:\/\/artesaniadelapalma.com\/de\/marlene-garcia-acero-artesana-decoracion-sobre-tela\/\" \/>\n<meta property=\"og:locale\" content=\"de_DE\" \/>\n<meta property=\"og:type\" content=\"article\" \/>\n<meta property=\"og:title\" content=\"Marlene Garc\u00eda Acero, artesana decoraci\u00f3n sobre tela - Artesan\u00eda de La Palma\" \/>\n<meta property=\"og:description\" content=\"Les presentamos a Marlene Garc\u00eda Acero, artesana en el oficio de la decoraci\u00f3n sobre tela en la isla de La Palma\" \/>\n<meta property=\"og:url\" content=\"https:\/\/artesaniadelapalma.com\/de\/marlene-garcia-acero-artesana-decoracion-sobre-tela\/\" \/>\n<meta property=\"og:site_name\" content=\"Artesan\u00eda de La Palma\" \/>\n<meta property=\"article:published_time\" content=\"2020-10-22T08:46:10+00:00\" \/>\n<meta property=\"article:modified_time\" content=\"2020-12-01T15:32:30+00:00\" \/>\n<meta property=\"og:image\" content=\"https:\/\/artesaniadelapalma.com\/wp-content\/uploads\/2020\/10\/marlene-artesana-cabildodelapalma.jpg\" \/>\n\t<meta property=\"og:image:width\" content=\"900\" \/>\n\t<meta property=\"og:image:height\" content=\"660\" \/>\n\t<meta property=\"og:image:type\" content=\"image\/jpeg\" \/>\n<meta name=\"author\" content=\"Artesan\u00eda de La Palma\" \/>\n<meta name=\"twitter:card\" content=\"summary_large_image\" \/>\n<meta name=\"twitter:label1\" content=\"Verfasst von\" \/>\n\t<meta name=\"twitter:data1\" content=\"Artesan\u00eda de La Palma\" \/>\n<script type=\"application\/ld+json\" class=\"yoast-schema-graph\">{\"@context\":\"https:\/\/schema.org\",\"@graph\":[{\"@type\":\"WebPage\",\"@id\":\"https:\/\/artesaniadelapalma.com\/de\/marlene-garcia-acero-artesana-decoracion-sobre-tela\/\",\"url\":\"https:\/\/artesaniadelapalma.com\/de\/marlene-garcia-acero-artesana-decoracion-sobre-tela\/\",\"name\":\"Marlene Garc\u00eda Acero, artesana decoraci\u00f3n sobre tela - Artesan\u00eda de La Palma\",\"isPartOf\":{\"@id\":\"https:\/\/artesaniadelapalma.com\/#website\"},\"datePublished\":\"2020-10-22T08:46:10+00:00\",\"dateModified\":\"2020-12-01T15:32:30+00:00\",\"author\":{\"@id\":\"https:\/\/artesaniadelapalma.com\/#\/schema\/person\/0a223f559baf3e3a73673fd4b4c32e1a\"},\"description\":\"Les presentamos a Marlene Garc\u00eda Acero, artesana en el oficio de la decoraci\u00f3n sobre tela en la isla de La Palma\",\"breadcrumb\":{\"@id\":\"https:\/\/artesaniadelapalma.com\/de\/marlene-garcia-acero-artesana-decoracion-sobre-tela\/#breadcrumb\"},\"inLanguage\":\"de\",\"potentialAction\":[{\"@type\":\"ReadAction\",\"target\":[\"https:\/\/artesaniadelapalma.com\/de\/marlene-garcia-acero-artesana-decoracion-sobre-tela\/\"]}]},{\"@type\":\"BreadcrumbList\",\"@id\":\"https:\/\/artesaniadelapalma.com\/de\/marlene-garcia-acero-artesana-decoracion-sobre-tela\/#breadcrumb\",\"itemListElement\":[{\"@type\":\"ListItem\",\"position\":1,\"name\":\"Portada\",\"item\":\"https:\/\/artesaniadelapalma.com\/de\/\"},{\"@type\":\"ListItem\",\"position\":2,\"name\":\"Marlene Garc\u00eda Acero, artesana decoraci\u00f3n sobre tela\"}]},{\"@type\":\"WebSite\",\"@id\":\"https:\/\/artesaniadelapalma.com\/#website\",\"url\":\"https:\/\/artesaniadelapalma.com\/\",\"name\":\"Artesan\u00eda de La Palma\",\"description\":\"Artesan\u00eda de La Palma \/ Cabildo Insular de La Palma\",\"potentialAction\":[{\"@type\":\"SearchAction\",\"target\":{\"@type\":\"EntryPoint\",\"urlTemplate\":\"https:\/\/artesaniadelapalma.com\/?s={search_term_string}\"},\"query-input\":\"required name=search_term_string\"}],\"inLanguage\":\"de\"},{\"@type\":\"Person\",\"@id\":\"https:\/\/artesaniadelapalma.com\/#\/schema\/person\/0a223f559baf3e3a73673fd4b4c32e1a\",\"name\":\"Artesan\u00eda de La Palma\",\"image\":{\"@type\":\"ImageObject\",\"inLanguage\":\"de\",\"@id\":\"https:\/\/artesaniadelapalma.com\/#\/schema\/person\/image\/\",\"url\":\"https:\/\/secure.gravatar.com\/avatar\/ab47216f4035c5f8cf981e5fdfaa69d3?s=96&d=mm&r=g\",\"contentUrl\":\"https:\/\/secure.gravatar.com\/avatar\/ab47216f4035c5f8cf981e5fdfaa69d3?s=96&d=mm&r=g\",\"caption\":\"Artesan\u00eda de La Palma\"},\"sameAs\":[\"https:\/\/artesaniadelapalma.com\"],\"url\":\"https:\/\/artesaniadelapalma.com\/de\/author\/isa\/\"}]}<\/script>\n<!-- \/ Yoast SEO plugin. -->","yoast_head_json":{"title":"Marlene Garc\u00eda Acero, artesana decoraci\u00f3n sobre tela - Artesan\u00eda de La Palma","description":"Les presentamos a Marlene Garc\u00eda Acero, artesana en el oficio de la decoraci\u00f3n sobre tela en la isla de La Palma","robots":{"index":"index","follow":"follow","max-snippet":"max-snippet:-1","max-image-preview":"max-image-preview:large","max-video-preview":"max-video-preview:-1"},"canonical":"https:\/\/artesaniadelapalma.com\/de\/marlene-garcia-acero-artesana-decoracion-sobre-tela\/","og_locale":"de_DE","og_type":"article","og_title":"Marlene Garc\u00eda Acero, artesana decoraci\u00f3n sobre tela - Artesan\u00eda de La Palma","og_description":"Les presentamos a Marlene Garc\u00eda Acero, artesana en el oficio de la decoraci\u00f3n sobre tela en la isla de La Palma","og_url":"https:\/\/artesaniadelapalma.com\/de\/marlene-garcia-acero-artesana-decoracion-sobre-tela\/","og_site_name":"Artesan\u00eda de La Palma","article_published_time":"2020-10-22T08:46:10+00:00","article_modified_time":"2020-12-01T15:32:30+00:00","og_image":[{"width":900,"height":660,"url":"https:\/\/artesaniadelapalma.com\/wp-content\/uploads\/2020\/10\/marlene-artesana-cabildodelapalma.jpg","type":"image\/jpeg"}],"author":"Artesan\u00eda de La Palma","twitter_card":"summary_large_image","twitter_misc":{"Verfasst von":"Artesan\u00eda de La Palma"},"schema":{"@context":"https:\/\/schema.org","@graph":[{"@type":"WebPage","@id":"https:\/\/artesaniadelapalma.com\/de\/marlene-garcia-acero-artesana-decoracion-sobre-tela\/","url":"https:\/\/artesaniadelapalma.com\/de\/marlene-garcia-acero-artesana-decoracion-sobre-tela\/","name":"Marlene Garc\u00eda Acero, artesana decoraci\u00f3n sobre tela - Artesan\u00eda de La Palma","isPartOf":{"@id":"https:\/\/artesaniadelapalma.com\/#website"},"datePublished":"2020-10-22T08:46:10+00:00","dateModified":"2020-12-01T15:32:30+00:00","author":{"@id":"https:\/\/artesaniadelapalma.com\/#\/schema\/person\/0a223f559baf3e3a73673fd4b4c32e1a"},"description":"Les presentamos a Marlene Garc\u00eda Acero, artesana en el oficio de la decoraci\u00f3n sobre tela en la isla de La Palma","breadcrumb":{"@id":"https:\/\/artesaniadelapalma.com\/de\/marlene-garcia-acero-artesana-decoracion-sobre-tela\/#breadcrumb"},"inLanguage":"de","potentialAction":[{"@type":"ReadAction","target":["https:\/\/artesaniadelapalma.com\/de\/marlene-garcia-acero-artesana-decoracion-sobre-tela\/"]}]},{"@type":"BreadcrumbList","@id":"https:\/\/artesaniadelapalma.com\/de\/marlene-garcia-acero-artesana-decoracion-sobre-tela\/#breadcrumb","itemListElement":[{"@type":"ListItem","position":1,"name":"Portada","item":"https:\/\/artesaniadelapalma.com\/de\/"},{"@type":"ListItem","position":2,"name":"Marlene Garc\u00eda Acero, artesana decoraci\u00f3n sobre tela"}]},{"@type":"WebSite","@id":"https:\/\/artesaniadelapalma.com\/#website","url":"https:\/\/artesaniadelapalma.com\/","name":"Artesan\u00eda de La Palma","description":"Artesan\u00eda de La Palma \/ Cabildo Insular de La Palma","potentialAction":[{"@type":"SearchAction","target":{"@type":"EntryPoint","urlTemplate":"https:\/\/artesaniadelapalma.com\/?s={search_term_string}"},"query-input":"required name=search_term_string"}],"inLanguage":"de"},{"@type":"Person","@id":"https:\/\/artesaniadelapalma.com\/#\/schema\/person\/0a223f559baf3e3a73673fd4b4c32e1a","name":"Artesan\u00eda de La Palma","image":{"@type":"ImageObject","inLanguage":"de","@id":"https:\/\/artesaniadelapalma.com\/#\/schema\/person\/image\/","url":"https:\/\/secure.gravatar.com\/avatar\/ab47216f4035c5f8cf981e5fdfaa69d3?s=96&d=mm&r=g","contentUrl":"https:\/\/secure.gravatar.com\/avatar\/ab47216f4035c5f8cf981e5fdfaa69d3?s=96&d=mm&r=g","caption":"Artesan\u00eda de La Palma"},"sameAs":["https:\/\/artesaniadelapalma.com"],"url":"https:\/\/artesaniadelapalma.com\/de\/author\/isa\/"}]}},"_links":{"self":[{"href":"https:\/\/artesaniadelapalma.com\/de\/wp-json\/wp\/v2\/posts\/2425"}],"collection":[{"href":"https:\/\/artesaniadelapalma.com\/de\/wp-json\/wp\/v2\/posts"}],"about":[{"href":"https:\/\/artesaniadelapalma.com\/de\/wp-json\/wp\/v2\/types\/post"}],"author":[{"embeddable":true,"href":"https:\/\/artesaniadelapalma.com\/de\/wp-json\/wp\/v2\/users\/1"}],"replies":[{"embeddable":true,"href":"https:\/\/artesaniadelapalma.com\/de\/wp-json\/wp\/v2\/comments?post=2425"}],"version-history":[{"count":1,"href":"https:\/\/artesaniadelapalma.com\/de\/wp-json\/wp\/v2\/posts\/2425\/revisions"}],"predecessor-version":[{"id":2438,"href":"https:\/\/artesaniadelapalma.com\/de\/wp-json\/wp\/v2\/posts\/2425\/revisions\/2438"}],"wp:featuredmedia":[{"embeddable":true,"href":"https:\/\/artesaniadelapalma.com\/de\/wp-json\/wp\/v2\/media\/2426"}],"wp:attachment":[{"href":"https:\/\/artesaniadelapalma.com\/de\/wp-json\/wp\/v2\/media?parent=2425"}],"wp:term":[{"taxonomy":"category","embeddable":true,"href":"https:\/\/artesaniadelapalma.com\/de\/wp-json\/wp\/v2\/categories?post=2425"},{"taxonomy":"post_tag","embeddable":true,"href":"https:\/\/artesaniadelapalma.com\/de\/wp-json\/wp\/v2\/tags?post=2425"}],"curies":[{"name":"wp","href":"https:\/\/api.w.org\/{rel}","templated":true}]}}