{"id":2084,"date":"2020-11-16T12:37:02","date_gmt":"2020-11-16T12:37:02","guid":{"rendered":"https:\/\/artesaniadelapalma.com\/?p=2084"},"modified":"2020-11-16T12:48:35","modified_gmt":"2020-11-16T12:48:35","slug":"cesteria-oficio-artesano-en-la-palma","status":"publish","type":"post","link":"https:\/\/artesaniadelapalma.com\/en\/cesteria-oficio-artesano-en-la-palma\/","title":{"rendered":"Cester\u00eda. Oficio Artesano en La Palma"},"content":{"rendered":"<p>El trabajo artesano m\u00e1s antiguo es, sin lugar a dudas, el que hoy conocemos como cester\u00eda. Desde la prehistoria el uso de materiales vegetales entrelazados o tejidos, aparecen en yacimientos arqueol\u00f3gicos, consider\u00e1ndose su origen anterior a la alfarer\u00eda. Afollado (especie de laurisilva), casta\u00f1o, moral, tagasaste (planta forrajera end\u00e9mica de La Palma), colmo (centeno), trigo, mimbre, ca\u00f1a y p\u00edrgano (nervio de la hoja de la palmera) son los materiales empleados en La Palma para la cester\u00eda tradicional.<\/p>\n<p>La enorme riqueza de materias primas proporciona un sello peculiar y diferente a la artesan\u00eda vegetal palmera. A pesar de utilizar materiales rudos y dif\u00edciles de trabajar como son el afollado o la vara, se realizan productos de una extraordinaria perfecci\u00f3n. La cester\u00eda palmera, extendida por toda la isla, se ha configurado en cada lugar con las fibras propias de la comarca, utilizando la vara (afollado, casta\u00f1o, tagasaste, moral\u2026), p\u00edrgana de palmera, mimbre, ca\u00f1a, colmo y otros materiales en menor proporci\u00f3n.<\/p>\n<p>Su caracter\u00edstica fundamental radica en la funcionalidad a la que, en cada momento, se destina el conjunto de la producci\u00f3n, constituida por angarillas, cestos de carga, cestos de manos, espuertas, cesto de tapa, de ropa y de plancha; bascas de pesca, cestas de transporte, tambores de morenas, paneras, papeleras y toda una serie de peque\u00f1os modelos utilizados como juguetes o en el hogar y la decoraci\u00f3n.<\/p>\n<p>[arve url=&#8221;https:\/\/youtu.be\/aAChbVb3EpY&#8221; \/]<\/p>\n","protected":false},"excerpt":{"rendered":"<p>El trabajo artesano m\u00e1s antiguo es, sin lugar a dudas, el que hoy conocemos como cester\u00eda. Desde la prehistoria el&#8230;<\/p>\n","protected":false},"author":1,"featured_media":1529,"comment_status":"open","ping_status":"open","sticky":false,"template":"","format":"standard","meta":[],"categories":[156],"tags":[],"yoast_head":"<!-- This site is optimized with the Yoast SEO plugin v21.1 - https:\/\/yoast.com\/wordpress\/plugins\/seo\/ -->\n<title>Cester\u00eda. Oficio Artesano en La Palma - Artesan\u00eda de La Palma<\/title>\n<meta name=\"robots\" content=\"index, follow, max-snippet:-1, max-image-preview:large, max-video-preview:-1\" \/>\n<link rel=\"canonical\" href=\"https:\/\/artesaniadelapalma.com\/en\/cesteria-oficio-artesano-en-la-palma\/\" \/>\n<meta property=\"og:locale\" content=\"en_US\" \/>\n<meta property=\"og:type\" content=\"article\" \/>\n<meta property=\"og:title\" content=\"Cester\u00eda. Oficio Artesano en La Palma - Artesan\u00eda de La Palma\" \/>\n<meta property=\"og:description\" content=\"El trabajo artesano m\u00e1s antiguo es, sin lugar a dudas, el que hoy conocemos como cester\u00eda. Desde la prehistoria el...\" \/>\n<meta property=\"og:url\" content=\"https:\/\/artesaniadelapalma.com\/en\/cesteria-oficio-artesano-en-la-palma\/\" \/>\n<meta property=\"og:site_name\" content=\"Artesan\u00eda de La Palma\" \/>\n<meta property=\"article:published_time\" content=\"2020-11-16T12:37:02+00:00\" \/>\n<meta property=\"article:modified_time\" content=\"2020-11-16T12:48:35+00:00\" \/>\n<meta property=\"og:image\" content=\"https:\/\/artesaniadelapalma.com\/wp-content\/uploads\/2020\/09\/cesteria-artesania-isladelapalma.jpg\" \/>\n\t<meta property=\"og:image:width\" content=\"1284\" \/>\n\t<meta property=\"og:image:height\" content=\"674\" \/>\n\t<meta property=\"og:image:type\" content=\"image\/jpeg\" \/>\n<meta name=\"author\" content=\"Artesan\u00eda de La Palma\" \/>\n<meta name=\"twitter:card\" content=\"summary_large_image\" \/>\n<meta name=\"twitter:label1\" content=\"Written by\" \/>\n\t<meta name=\"twitter:data1\" content=\"Artesan\u00eda de La Palma\" \/>\n\t<meta name=\"twitter:label2\" content=\"Est. reading time\" \/>\n\t<meta name=\"twitter:data2\" content=\"1 minute\" \/>\n<script type=\"application\/ld+json\" class=\"yoast-schema-graph\">{\"@context\":\"https:\/\/schema.org\",\"@graph\":[{\"@type\":\"WebPage\",\"@id\":\"https:\/\/artesaniadelapalma.com\/en\/cesteria-oficio-artesano-en-la-palma\/\",\"url\":\"https:\/\/artesaniadelapalma.com\/en\/cesteria-oficio-artesano-en-la-palma\/\",\"name\":\"Cester\u00eda. Oficio Artesano en La Palma - Artesan\u00eda de La Palma\",\"isPartOf\":{\"@id\":\"https:\/\/artesaniadelapalma.com\/#website\"},\"datePublished\":\"2020-11-16T12:37:02+00:00\",\"dateModified\":\"2020-11-16T12:48:35+00:00\",\"author\":{\"@id\":\"https:\/\/artesaniadelapalma.com\/#\/schema\/person\/0a223f559baf3e3a73673fd4b4c32e1a\"},\"breadcrumb\":{\"@id\":\"https:\/\/artesaniadelapalma.com\/en\/cesteria-oficio-artesano-en-la-palma\/#breadcrumb\"},\"inLanguage\":\"en-US\",\"potentialAction\":[{\"@type\":\"ReadAction\",\"target\":[\"https:\/\/artesaniadelapalma.com\/en\/cesteria-oficio-artesano-en-la-palma\/\"]}]},{\"@type\":\"BreadcrumbList\",\"@id\":\"https:\/\/artesaniadelapalma.com\/en\/cesteria-oficio-artesano-en-la-palma\/#breadcrumb\",\"itemListElement\":[{\"@type\":\"ListItem\",\"position\":1,\"name\":\"Portada\",\"item\":\"https:\/\/artesaniadelapalma.com\/en\/\"},{\"@type\":\"ListItem\",\"position\":2,\"name\":\"Cester\u00eda. Oficio Artesano en La Palma\"}]},{\"@type\":\"WebSite\",\"@id\":\"https:\/\/artesaniadelapalma.com\/#website\",\"url\":\"https:\/\/artesaniadelapalma.com\/\",\"name\":\"Artesan\u00eda de La Palma\",\"description\":\"Artesan\u00eda de La Palma \/ Cabildo Insular de La Palma\",\"potentialAction\":[{\"@type\":\"SearchAction\",\"target\":{\"@type\":\"EntryPoint\",\"urlTemplate\":\"https:\/\/artesaniadelapalma.com\/?s={search_term_string}\"},\"query-input\":\"required name=search_term_string\"}],\"inLanguage\":\"en-US\"},{\"@type\":\"Person\",\"@id\":\"https:\/\/artesaniadelapalma.com\/#\/schema\/person\/0a223f559baf3e3a73673fd4b4c32e1a\",\"name\":\"Artesan\u00eda de La Palma\",\"image\":{\"@type\":\"ImageObject\",\"inLanguage\":\"en-US\",\"@id\":\"https:\/\/artesaniadelapalma.com\/#\/schema\/person\/image\/\",\"url\":\"https:\/\/secure.gravatar.com\/avatar\/ab47216f4035c5f8cf981e5fdfaa69d3?s=96&d=mm&r=g\",\"contentUrl\":\"https:\/\/secure.gravatar.com\/avatar\/ab47216f4035c5f8cf981e5fdfaa69d3?s=96&d=mm&r=g\",\"caption\":\"Artesan\u00eda de La Palma\"},\"sameAs\":[\"https:\/\/artesaniadelapalma.com\"],\"url\":\"https:\/\/artesaniadelapalma.com\/en\/author\/isa\/\"}]}<\/script>\n<!-- \/ Yoast SEO plugin. -->","yoast_head_json":{"title":"Cester\u00eda. Oficio Artesano en La Palma - Artesan\u00eda de La Palma","robots":{"index":"index","follow":"follow","max-snippet":"max-snippet:-1","max-image-preview":"max-image-preview:large","max-video-preview":"max-video-preview:-1"},"canonical":"https:\/\/artesaniadelapalma.com\/en\/cesteria-oficio-artesano-en-la-palma\/","og_locale":"en_US","og_type":"article","og_title":"Cester\u00eda. Oficio Artesano en La Palma - Artesan\u00eda de La Palma","og_description":"El trabajo artesano m\u00e1s antiguo es, sin lugar a dudas, el que hoy conocemos como cester\u00eda. Desde la prehistoria el...","og_url":"https:\/\/artesaniadelapalma.com\/en\/cesteria-oficio-artesano-en-la-palma\/","og_site_name":"Artesan\u00eda de La Palma","article_published_time":"2020-11-16T12:37:02+00:00","article_modified_time":"2020-11-16T12:48:35+00:00","og_image":[{"width":1284,"height":674,"url":"https:\/\/artesaniadelapalma.com\/wp-content\/uploads\/2020\/09\/cesteria-artesania-isladelapalma.jpg","type":"image\/jpeg"}],"author":"Artesan\u00eda de La Palma","twitter_card":"summary_large_image","twitter_misc":{"Written by":"Artesan\u00eda de La Palma","Est. reading time":"1 minute"},"schema":{"@context":"https:\/\/schema.org","@graph":[{"@type":"WebPage","@id":"https:\/\/artesaniadelapalma.com\/en\/cesteria-oficio-artesano-en-la-palma\/","url":"https:\/\/artesaniadelapalma.com\/en\/cesteria-oficio-artesano-en-la-palma\/","name":"Cester\u00eda. Oficio Artesano en La Palma - Artesan\u00eda de La Palma","isPartOf":{"@id":"https:\/\/artesaniadelapalma.com\/#website"},"datePublished":"2020-11-16T12:37:02+00:00","dateModified":"2020-11-16T12:48:35+00:00","author":{"@id":"https:\/\/artesaniadelapalma.com\/#\/schema\/person\/0a223f559baf3e3a73673fd4b4c32e1a"},"breadcrumb":{"@id":"https:\/\/artesaniadelapalma.com\/en\/cesteria-oficio-artesano-en-la-palma\/#breadcrumb"},"inLanguage":"en-US","potentialAction":[{"@type":"ReadAction","target":["https:\/\/artesaniadelapalma.com\/en\/cesteria-oficio-artesano-en-la-palma\/"]}]},{"@type":"BreadcrumbList","@id":"https:\/\/artesaniadelapalma.com\/en\/cesteria-oficio-artesano-en-la-palma\/#breadcrumb","itemListElement":[{"@type":"ListItem","position":1,"name":"Portada","item":"https:\/\/artesaniadelapalma.com\/en\/"},{"@type":"ListItem","position":2,"name":"Cester\u00eda. Oficio Artesano en La Palma"}]},{"@type":"WebSite","@id":"https:\/\/artesaniadelapalma.com\/#website","url":"https:\/\/artesaniadelapalma.com\/","name":"Artesan\u00eda de La Palma","description":"Artesan\u00eda de La Palma \/ Cabildo Insular de La Palma","potentialAction":[{"@type":"SearchAction","target":{"@type":"EntryPoint","urlTemplate":"https:\/\/artesaniadelapalma.com\/?s={search_term_string}"},"query-input":"required name=search_term_string"}],"inLanguage":"en-US"},{"@type":"Person","@id":"https:\/\/artesaniadelapalma.com\/#\/schema\/person\/0a223f559baf3e3a73673fd4b4c32e1a","name":"Artesan\u00eda de La Palma","image":{"@type":"ImageObject","inLanguage":"en-US","@id":"https:\/\/artesaniadelapalma.com\/#\/schema\/person\/image\/","url":"https:\/\/secure.gravatar.com\/avatar\/ab47216f4035c5f8cf981e5fdfaa69d3?s=96&d=mm&r=g","contentUrl":"https:\/\/secure.gravatar.com\/avatar\/ab47216f4035c5f8cf981e5fdfaa69d3?s=96&d=mm&r=g","caption":"Artesan\u00eda de La Palma"},"sameAs":["https:\/\/artesaniadelapalma.com"],"url":"https:\/\/artesaniadelapalma.com\/en\/author\/isa\/"}]}},"_links":{"self":[{"href":"https:\/\/artesaniadelapalma.com\/en\/wp-json\/wp\/v2\/posts\/2084"}],"collection":[{"href":"https:\/\/artesaniadelapalma.com\/en\/wp-json\/wp\/v2\/posts"}],"about":[{"href":"https:\/\/artesaniadelapalma.com\/en\/wp-json\/wp\/v2\/types\/post"}],"author":[{"embeddable":true,"href":"https:\/\/artesaniadelapalma.com\/en\/wp-json\/wp\/v2\/users\/1"}],"replies":[{"embeddable":true,"href":"https:\/\/artesaniadelapalma.com\/en\/wp-json\/wp\/v2\/comments?post=2084"}],"version-history":[{"count":1,"href":"https:\/\/artesaniadelapalma.com\/en\/wp-json\/wp\/v2\/posts\/2084\/revisions"}],"predecessor-version":[{"id":2109,"href":"https:\/\/artesaniadelapalma.com\/en\/wp-json\/wp\/v2\/posts\/2084\/revisions\/2109"}],"wp:featuredmedia":[{"embeddable":true,"href":"https:\/\/artesaniadelapalma.com\/en\/wp-json\/wp\/v2\/media\/1529"}],"wp:attachment":[{"href":"https:\/\/artesaniadelapalma.com\/en\/wp-json\/wp\/v2\/media?parent=2084"}],"wp:term":[{"taxonomy":"category","embeddable":true,"href":"https:\/\/artesaniadelapalma.com\/en\/wp-json\/wp\/v2\/categories?post=2084"},{"taxonomy":"post_tag","embeddable":true,"href":"https:\/\/artesaniadelapalma.com\/en\/wp-json\/wp\/v2\/tags?post=2084"}],"curies":[{"name":"wp","href":"https:\/\/api.w.org\/{rel}","templated":true}]}}