{"id":2085,"date":"2020-11-16T12:37:04","date_gmt":"2020-11-16T12:37:04","guid":{"rendered":"https:\/\/artesaniadelapalma.com\/?p=2085"},"modified":"2020-11-16T12:47:24","modified_gmt":"2020-11-16T12:47:24","slug":"nieves-castello-artesana-de-cesteria-de-colmo","status":"publish","type":"post","link":"https:\/\/artesaniadelapalma.com\/en\/nieves-castello-artesana-de-cesteria-de-colmo\/","title":{"rendered":"Nieves Castell\u00f3, artesana de cester\u00eda de colmo"},"content":{"rendered":"<p>Nieves Castell\u00f3 es artesana de cester\u00eda de colmo con la que realiza unos sombreros \u00fanicos trenzando la paja y manteniendo este oficio tradicional en La Palma. En los sombreros tambi\u00e9n podemos ver detalles de otros\/as artesanos\/as de bordado o seda. Este oficio utiliza como materia prima la paja de centeno llamada colmo.<\/p>\n<p>El material de base siempre utilizado es el colmo, variando la fibra vegetal con la que se ata, que puede ser zarza, junco, etc. A finales de diciembre de 2019 abri\u00f3 en Santa Cruz de la Palma su tienda &#8220;Surcos de La Palma&#8221; que, adem\u00e1s de ofrecer productos de calidad, cuenta con exposiciones fotogr\u00e1ficas e hist\u00f3ricas de las empresas insulares para comprender y dar a conocer tanto a los isle\u00f1os como a los visitantes el verdadero significado de las manos artesanas de La Palma.<\/p>\n<p>Explica que \u201ces un proyecto de futuro, un t\u00fanel del tiempo en el que entras y retornas al pasado con los viejos oficios tradicionales\u201d, comenta tambi\u00e9n que \u201cAqu\u00ed encuentras absolutamente todo, reposter\u00eda, vinos, aceite, miel, bordados, sombreros, cester\u00eda, productos \u00fanicos, aut\u00e9nticos, hechos en La Palma\u201d.<\/p>\n<p>[arve url=&#8221;https:\/\/youtu.be\/nJLjmopGqXg&#8221; \/]<\/p>\n<p>&nbsp;<\/p>\n","protected":false},"excerpt":{"rendered":"<p>Nieves Castell\u00f3 es artesana de cester\u00eda de colmo con la que realiza unos sombreros \u00fanicos trenzando la paja y manteniendo&#8230;<\/p>\n","protected":false},"author":1,"featured_media":1521,"comment_status":"open","ping_status":"open","sticky":false,"template":"","format":"standard","meta":[],"categories":[156,281],"tags":[],"yoast_head":"<!-- This site is optimized with the Yoast SEO plugin v21.1 - https:\/\/yoast.com\/wordpress\/plugins\/seo\/ -->\n<title>Nieves Castell\u00f3, artesana de cester\u00eda de colmo - Artesan\u00eda de La Palma<\/title>\n<meta name=\"robots\" content=\"index, follow, max-snippet:-1, max-image-preview:large, max-video-preview:-1\" \/>\n<link rel=\"canonical\" href=\"https:\/\/artesaniadelapalma.com\/en\/nieves-castello-artesana-de-cesteria-de-colmo\/\" \/>\n<meta property=\"og:locale\" content=\"en_US\" \/>\n<meta property=\"og:type\" content=\"article\" \/>\n<meta property=\"og:title\" content=\"Nieves Castell\u00f3, artesana de cester\u00eda de colmo - Artesan\u00eda de La Palma\" \/>\n<meta property=\"og:description\" content=\"Nieves Castell\u00f3 es artesana de cester\u00eda de colmo con la que realiza unos sombreros \u00fanicos trenzando la paja y manteniendo...\" \/>\n<meta property=\"og:url\" content=\"https:\/\/artesaniadelapalma.com\/en\/nieves-castello-artesana-de-cesteria-de-colmo\/\" \/>\n<meta property=\"og:site_name\" content=\"Artesan\u00eda de La Palma\" \/>\n<meta property=\"article:published_time\" content=\"2020-11-16T12:37:04+00:00\" \/>\n<meta property=\"article:modified_time\" content=\"2020-11-16T12:47:24+00:00\" \/>\n<meta property=\"og:image\" content=\"https:\/\/artesaniadelapalma.com\/wp-content\/uploads\/2020\/09\/nieves-castello-artesana-cabildodelapalma.jpg\" \/>\n\t<meta property=\"og:image:width\" content=\"1184\" \/>\n\t<meta property=\"og:image:height\" content=\"588\" \/>\n\t<meta property=\"og:image:type\" content=\"image\/jpeg\" \/>\n<meta name=\"author\" content=\"Artesan\u00eda de La Palma\" \/>\n<meta name=\"twitter:card\" content=\"summary_large_image\" \/>\n<meta name=\"twitter:label1\" content=\"Written by\" \/>\n\t<meta name=\"twitter:data1\" content=\"Artesan\u00eda de La Palma\" \/>\n\t<meta name=\"twitter:label2\" content=\"Est. reading time\" \/>\n\t<meta name=\"twitter:data2\" content=\"1 minute\" \/>\n<script type=\"application\/ld+json\" class=\"yoast-schema-graph\">{\"@context\":\"https:\/\/schema.org\",\"@graph\":[{\"@type\":\"WebPage\",\"@id\":\"https:\/\/artesaniadelapalma.com\/en\/nieves-castello-artesana-de-cesteria-de-colmo\/\",\"url\":\"https:\/\/artesaniadelapalma.com\/en\/nieves-castello-artesana-de-cesteria-de-colmo\/\",\"name\":\"Nieves Castell\u00f3, artesana de cester\u00eda de colmo - Artesan\u00eda de La Palma\",\"isPartOf\":{\"@id\":\"https:\/\/artesaniadelapalma.com\/#website\"},\"datePublished\":\"2020-11-16T12:37:04+00:00\",\"dateModified\":\"2020-11-16T12:47:24+00:00\",\"author\":{\"@id\":\"https:\/\/artesaniadelapalma.com\/#\/schema\/person\/0a223f559baf3e3a73673fd4b4c32e1a\"},\"breadcrumb\":{\"@id\":\"https:\/\/artesaniadelapalma.com\/en\/nieves-castello-artesana-de-cesteria-de-colmo\/#breadcrumb\"},\"inLanguage\":\"en-US\",\"potentialAction\":[{\"@type\":\"ReadAction\",\"target\":[\"https:\/\/artesaniadelapalma.com\/en\/nieves-castello-artesana-de-cesteria-de-colmo\/\"]}]},{\"@type\":\"BreadcrumbList\",\"@id\":\"https:\/\/artesaniadelapalma.com\/en\/nieves-castello-artesana-de-cesteria-de-colmo\/#breadcrumb\",\"itemListElement\":[{\"@type\":\"ListItem\",\"position\":1,\"name\":\"Portada\",\"item\":\"https:\/\/artesaniadelapalma.com\/en\/\"},{\"@type\":\"ListItem\",\"position\":2,\"name\":\"Nieves Castell\u00f3, artesana de cester\u00eda de colmo\"}]},{\"@type\":\"WebSite\",\"@id\":\"https:\/\/artesaniadelapalma.com\/#website\",\"url\":\"https:\/\/artesaniadelapalma.com\/\",\"name\":\"Artesan\u00eda de La Palma\",\"description\":\"Artesan\u00eda de La Palma \/ Cabildo Insular de La Palma\",\"potentialAction\":[{\"@type\":\"SearchAction\",\"target\":{\"@type\":\"EntryPoint\",\"urlTemplate\":\"https:\/\/artesaniadelapalma.com\/?s={search_term_string}\"},\"query-input\":\"required name=search_term_string\"}],\"inLanguage\":\"en-US\"},{\"@type\":\"Person\",\"@id\":\"https:\/\/artesaniadelapalma.com\/#\/schema\/person\/0a223f559baf3e3a73673fd4b4c32e1a\",\"name\":\"Artesan\u00eda de La Palma\",\"image\":{\"@type\":\"ImageObject\",\"inLanguage\":\"en-US\",\"@id\":\"https:\/\/artesaniadelapalma.com\/#\/schema\/person\/image\/\",\"url\":\"https:\/\/secure.gravatar.com\/avatar\/ab47216f4035c5f8cf981e5fdfaa69d3?s=96&d=mm&r=g\",\"contentUrl\":\"https:\/\/secure.gravatar.com\/avatar\/ab47216f4035c5f8cf981e5fdfaa69d3?s=96&d=mm&r=g\",\"caption\":\"Artesan\u00eda de La Palma\"},\"sameAs\":[\"https:\/\/artesaniadelapalma.com\"],\"url\":\"https:\/\/artesaniadelapalma.com\/en\/author\/isa\/\"}]}<\/script>\n<!-- \/ Yoast SEO plugin. -->","yoast_head_json":{"title":"Nieves Castell\u00f3, artesana de cester\u00eda de colmo - Artesan\u00eda de La Palma","robots":{"index":"index","follow":"follow","max-snippet":"max-snippet:-1","max-image-preview":"max-image-preview:large","max-video-preview":"max-video-preview:-1"},"canonical":"https:\/\/artesaniadelapalma.com\/en\/nieves-castello-artesana-de-cesteria-de-colmo\/","og_locale":"en_US","og_type":"article","og_title":"Nieves Castell\u00f3, artesana de cester\u00eda de colmo - Artesan\u00eda de La Palma","og_description":"Nieves Castell\u00f3 es artesana de cester\u00eda de colmo con la que realiza unos sombreros \u00fanicos trenzando la paja y manteniendo...","og_url":"https:\/\/artesaniadelapalma.com\/en\/nieves-castello-artesana-de-cesteria-de-colmo\/","og_site_name":"Artesan\u00eda de La Palma","article_published_time":"2020-11-16T12:37:04+00:00","article_modified_time":"2020-11-16T12:47:24+00:00","og_image":[{"width":1184,"height":588,"url":"https:\/\/artesaniadelapalma.com\/wp-content\/uploads\/2020\/09\/nieves-castello-artesana-cabildodelapalma.jpg","type":"image\/jpeg"}],"author":"Artesan\u00eda de La Palma","twitter_card":"summary_large_image","twitter_misc":{"Written by":"Artesan\u00eda de La Palma","Est. reading time":"1 minute"},"schema":{"@context":"https:\/\/schema.org","@graph":[{"@type":"WebPage","@id":"https:\/\/artesaniadelapalma.com\/en\/nieves-castello-artesana-de-cesteria-de-colmo\/","url":"https:\/\/artesaniadelapalma.com\/en\/nieves-castello-artesana-de-cesteria-de-colmo\/","name":"Nieves Castell\u00f3, artesana de cester\u00eda de colmo - Artesan\u00eda de La Palma","isPartOf":{"@id":"https:\/\/artesaniadelapalma.com\/#website"},"datePublished":"2020-11-16T12:37:04+00:00","dateModified":"2020-11-16T12:47:24+00:00","author":{"@id":"https:\/\/artesaniadelapalma.com\/#\/schema\/person\/0a223f559baf3e3a73673fd4b4c32e1a"},"breadcrumb":{"@id":"https:\/\/artesaniadelapalma.com\/en\/nieves-castello-artesana-de-cesteria-de-colmo\/#breadcrumb"},"inLanguage":"en-US","potentialAction":[{"@type":"ReadAction","target":["https:\/\/artesaniadelapalma.com\/en\/nieves-castello-artesana-de-cesteria-de-colmo\/"]}]},{"@type":"BreadcrumbList","@id":"https:\/\/artesaniadelapalma.com\/en\/nieves-castello-artesana-de-cesteria-de-colmo\/#breadcrumb","itemListElement":[{"@type":"ListItem","position":1,"name":"Portada","item":"https:\/\/artesaniadelapalma.com\/en\/"},{"@type":"ListItem","position":2,"name":"Nieves Castell\u00f3, artesana de cester\u00eda de colmo"}]},{"@type":"WebSite","@id":"https:\/\/artesaniadelapalma.com\/#website","url":"https:\/\/artesaniadelapalma.com\/","name":"Artesan\u00eda de La Palma","description":"Artesan\u00eda de La Palma \/ Cabildo Insular de La Palma","potentialAction":[{"@type":"SearchAction","target":{"@type":"EntryPoint","urlTemplate":"https:\/\/artesaniadelapalma.com\/?s={search_term_string}"},"query-input":"required name=search_term_string"}],"inLanguage":"en-US"},{"@type":"Person","@id":"https:\/\/artesaniadelapalma.com\/#\/schema\/person\/0a223f559baf3e3a73673fd4b4c32e1a","name":"Artesan\u00eda de La Palma","image":{"@type":"ImageObject","inLanguage":"en-US","@id":"https:\/\/artesaniadelapalma.com\/#\/schema\/person\/image\/","url":"https:\/\/secure.gravatar.com\/avatar\/ab47216f4035c5f8cf981e5fdfaa69d3?s=96&d=mm&r=g","contentUrl":"https:\/\/secure.gravatar.com\/avatar\/ab47216f4035c5f8cf981e5fdfaa69d3?s=96&d=mm&r=g","caption":"Artesan\u00eda de La Palma"},"sameAs":["https:\/\/artesaniadelapalma.com"],"url":"https:\/\/artesaniadelapalma.com\/en\/author\/isa\/"}]}},"_links":{"self":[{"href":"https:\/\/artesaniadelapalma.com\/en\/wp-json\/wp\/v2\/posts\/2085"}],"collection":[{"href":"https:\/\/artesaniadelapalma.com\/en\/wp-json\/wp\/v2\/posts"}],"about":[{"href":"https:\/\/artesaniadelapalma.com\/en\/wp-json\/wp\/v2\/types\/post"}],"author":[{"embeddable":true,"href":"https:\/\/artesaniadelapalma.com\/en\/wp-json\/wp\/v2\/users\/1"}],"replies":[{"embeddable":true,"href":"https:\/\/artesaniadelapalma.com\/en\/wp-json\/wp\/v2\/comments?post=2085"}],"version-history":[{"count":1,"href":"https:\/\/artesaniadelapalma.com\/en\/wp-json\/wp\/v2\/posts\/2085\/revisions"}],"predecessor-version":[{"id":2108,"href":"https:\/\/artesaniadelapalma.com\/en\/wp-json\/wp\/v2\/posts\/2085\/revisions\/2108"}],"wp:featuredmedia":[{"embeddable":true,"href":"https:\/\/artesaniadelapalma.com\/en\/wp-json\/wp\/v2\/media\/1521"}],"wp:attachment":[{"href":"https:\/\/artesaniadelapalma.com\/en\/wp-json\/wp\/v2\/media?parent=2085"}],"wp:term":[{"taxonomy":"category","embeddable":true,"href":"https:\/\/artesaniadelapalma.com\/en\/wp-json\/wp\/v2\/categories?post=2085"},{"taxonomy":"post_tag","embeddable":true,"href":"https:\/\/artesaniadelapalma.com\/en\/wp-json\/wp\/v2\/tags?post=2085"}],"curies":[{"name":"wp","href":"https:\/\/api.w.org\/{rel}","templated":true}]}}