{"id":2118,"date":"2020-09-14T07:43:26","date_gmt":"2020-09-14T07:43:26","guid":{"rendered":"https:\/\/artesaniadelapalma.com\/la-escuela-insular-de-artesania-cabildo-de-la-palma-reabre-sus-aulas\/"},"modified":"2020-11-16T12:44:57","modified_gmt":"2020-11-16T12:44:57","slug":"la-escuela-insular-de-artesania-cabildo-de-la-palma-reabre-sus-aulas","status":"publish","type":"post","link":"https:\/\/artesaniadelapalma.com\/en\/la-escuela-insular-de-artesania-cabildo-de-la-palma-reabre-sus-aulas\/","title":{"rendered":"La Escuela Insular de Artesan\u00eda Cabildo de La Palma reabre sus aulas"},"content":{"rendered":"<p>La Escuela Insular de Artesan\u00eda Cabildo de La Palma reabre sus aulas y comienza la formaci\u00f3n en seis oficios. Los cursos, promovidos por La Palma Artesan\u00eda, versan sobre cester\u00eda de palma, tejedur\u00eda, ganchillo, frivolit\u00e9, macram\u00e9 y modista.<\/p>\n<p>Gracias a las monitoras que nos acompa\u00f1an en esta etapa y que son Silvia Baly con el oficio de ganchillo, Silvia Abrante Concepcion con el oficio de frivolit\u00e9, Candelaria Garc\u00eda con el oficio de cester\u00eda de palma, Solbeidad Marante con el oficio de tejedur\u00eda en telar, Marisol Brito con el oficio de modista y Maira Riverol Cabello con el oficio de macram\u00e9.<\/p>\n<p>Gracias al alumnado que ha apostado por esta formaci\u00f3n llenando el cupo de los cursos.<\/p>\n<p>Gracias a Nieves Gloria personal de <a href=\"http:\/\/lapalmaartesania.es\/wordpress\/\" target=\"_blank\" rel=\"noopener noreferrer\">La Palma Artesan\u00eda<\/a> como coordinadora de este proyecto.<\/p>\n<p>[arve url=&#8221;https:\/\/youtu.be\/guIb4P_8u-I&#8221; \/]<\/p>\n","protected":false},"excerpt":{"rendered":"<p>La Escuela Insular de Artesan\u00eda Cabildo de La Palma reabre sus aulas y comienza la formaci\u00f3n en seis oficios. Los&#8230;<\/p>\n","protected":false},"author":1,"featured_media":1463,"comment_status":"open","ping_status":"open","sticky":false,"template":"","format":"standard","meta":[],"categories":[156,281],"tags":[],"yoast_head":"<!-- This site is optimized with the Yoast SEO plugin v21.1 - https:\/\/yoast.com\/wordpress\/plugins\/seo\/ -->\n<title>La Escuela Insular de Artesan\u00eda Cabildo de La Palma reabre sus aulas - Artesan\u00eda de La Palma<\/title>\n<meta name=\"description\" content=\"Los cursos, promovidos por La Palma Artesan\u00eda, versan sobre cester\u00eda de palma, tejedur\u00eda, ganchillo, frivolit\u00e9, macram\u00e9 y modista.\" \/>\n<meta name=\"robots\" content=\"index, follow, max-snippet:-1, max-image-preview:large, max-video-preview:-1\" \/>\n<link rel=\"canonical\" href=\"https:\/\/artesaniadelapalma.com\/en\/la-escuela-insular-de-artesania-cabildo-de-la-palma-reabre-sus-aulas\/\" \/>\n<meta property=\"og:locale\" content=\"en_US\" \/>\n<meta property=\"og:type\" content=\"article\" \/>\n<meta property=\"og:title\" content=\"La Escuela Insular de Artesan\u00eda Cabildo de La Palma reabre sus aulas - Artesan\u00eda de La Palma\" \/>\n<meta property=\"og:description\" content=\"Los cursos, promovidos por La Palma Artesan\u00eda, versan sobre cester\u00eda de palma, tejedur\u00eda, ganchillo, frivolit\u00e9, macram\u00e9 y modista.\" \/>\n<meta property=\"og:url\" content=\"https:\/\/artesaniadelapalma.com\/en\/la-escuela-insular-de-artesania-cabildo-de-la-palma-reabre-sus-aulas\/\" \/>\n<meta property=\"og:site_name\" content=\"Artesan\u00eda de La Palma\" \/>\n<meta property=\"article:published_time\" content=\"2020-09-14T07:43:26+00:00\" \/>\n<meta property=\"article:modified_time\" content=\"2020-11-16T12:44:57+00:00\" \/>\n<meta property=\"og:image\" content=\"https:\/\/artesaniadelapalma.com\/wp-content\/uploads\/2020\/09\/artesania-delapalma.jpg\" \/>\n\t<meta property=\"og:image:width\" content=\"1055\" \/>\n\t<meta property=\"og:image:height\" content=\"614\" \/>\n\t<meta property=\"og:image:type\" content=\"image\/jpeg\" \/>\n<meta name=\"author\" content=\"Artesan\u00eda de La Palma\" \/>\n<meta name=\"twitter:card\" content=\"summary_large_image\" \/>\n<meta name=\"twitter:label1\" content=\"Written by\" \/>\n\t<meta name=\"twitter:data1\" content=\"Artesan\u00eda de La Palma\" \/>\n\t<meta name=\"twitter:label2\" content=\"Est. reading time\" \/>\n\t<meta name=\"twitter:data2\" content=\"1 minute\" \/>\n<script type=\"application\/ld+json\" class=\"yoast-schema-graph\">{\"@context\":\"https:\/\/schema.org\",\"@graph\":[{\"@type\":\"WebPage\",\"@id\":\"https:\/\/artesaniadelapalma.com\/en\/la-escuela-insular-de-artesania-cabildo-de-la-palma-reabre-sus-aulas\/\",\"url\":\"https:\/\/artesaniadelapalma.com\/en\/la-escuela-insular-de-artesania-cabildo-de-la-palma-reabre-sus-aulas\/\",\"name\":\"La Escuela Insular de Artesan\u00eda Cabildo de La Palma reabre sus aulas - Artesan\u00eda de La Palma\",\"isPartOf\":{\"@id\":\"https:\/\/artesaniadelapalma.com\/#website\"},\"datePublished\":\"2020-09-14T07:43:26+00:00\",\"dateModified\":\"2020-11-16T12:44:57+00:00\",\"author\":{\"@id\":\"https:\/\/artesaniadelapalma.com\/#\/schema\/person\/0a223f559baf3e3a73673fd4b4c32e1a\"},\"description\":\"Los cursos, promovidos por La Palma Artesan\u00eda, versan sobre cester\u00eda de palma, tejedur\u00eda, ganchillo, frivolit\u00e9, macram\u00e9 y modista.\",\"breadcrumb\":{\"@id\":\"https:\/\/artesaniadelapalma.com\/en\/la-escuela-insular-de-artesania-cabildo-de-la-palma-reabre-sus-aulas\/#breadcrumb\"},\"inLanguage\":\"en-US\",\"potentialAction\":[{\"@type\":\"ReadAction\",\"target\":[\"https:\/\/artesaniadelapalma.com\/en\/la-escuela-insular-de-artesania-cabildo-de-la-palma-reabre-sus-aulas\/\"]}]},{\"@type\":\"BreadcrumbList\",\"@id\":\"https:\/\/artesaniadelapalma.com\/en\/la-escuela-insular-de-artesania-cabildo-de-la-palma-reabre-sus-aulas\/#breadcrumb\",\"itemListElement\":[{\"@type\":\"ListItem\",\"position\":1,\"name\":\"Portada\",\"item\":\"https:\/\/artesaniadelapalma.com\/en\/\"},{\"@type\":\"ListItem\",\"position\":2,\"name\":\"La Escuela Insular de Artesan\u00eda Cabildo de La Palma reabre sus aulas\"}]},{\"@type\":\"WebSite\",\"@id\":\"https:\/\/artesaniadelapalma.com\/#website\",\"url\":\"https:\/\/artesaniadelapalma.com\/\",\"name\":\"Artesan\u00eda de La Palma\",\"description\":\"Artesan\u00eda de La Palma \/ Cabildo Insular de La Palma\",\"potentialAction\":[{\"@type\":\"SearchAction\",\"target\":{\"@type\":\"EntryPoint\",\"urlTemplate\":\"https:\/\/artesaniadelapalma.com\/?s={search_term_string}\"},\"query-input\":\"required name=search_term_string\"}],\"inLanguage\":\"en-US\"},{\"@type\":\"Person\",\"@id\":\"https:\/\/artesaniadelapalma.com\/#\/schema\/person\/0a223f559baf3e3a73673fd4b4c32e1a\",\"name\":\"Artesan\u00eda de La Palma\",\"image\":{\"@type\":\"ImageObject\",\"inLanguage\":\"en-US\",\"@id\":\"https:\/\/artesaniadelapalma.com\/#\/schema\/person\/image\/\",\"url\":\"https:\/\/secure.gravatar.com\/avatar\/ab47216f4035c5f8cf981e5fdfaa69d3?s=96&d=mm&r=g\",\"contentUrl\":\"https:\/\/secure.gravatar.com\/avatar\/ab47216f4035c5f8cf981e5fdfaa69d3?s=96&d=mm&r=g\",\"caption\":\"Artesan\u00eda de La Palma\"},\"sameAs\":[\"https:\/\/artesaniadelapalma.com\"],\"url\":\"https:\/\/artesaniadelapalma.com\/en\/author\/isa\/\"}]}<\/script>\n<!-- \/ Yoast SEO plugin. -->","yoast_head_json":{"title":"La Escuela Insular de Artesan\u00eda Cabildo de La Palma reabre sus aulas - Artesan\u00eda de La Palma","description":"Los cursos, promovidos por La Palma Artesan\u00eda, versan sobre cester\u00eda de palma, tejedur\u00eda, ganchillo, frivolit\u00e9, macram\u00e9 y modista.","robots":{"index":"index","follow":"follow","max-snippet":"max-snippet:-1","max-image-preview":"max-image-preview:large","max-video-preview":"max-video-preview:-1"},"canonical":"https:\/\/artesaniadelapalma.com\/en\/la-escuela-insular-de-artesania-cabildo-de-la-palma-reabre-sus-aulas\/","og_locale":"en_US","og_type":"article","og_title":"La Escuela Insular de Artesan\u00eda Cabildo de La Palma reabre sus aulas - Artesan\u00eda de La Palma","og_description":"Los cursos, promovidos por La Palma Artesan\u00eda, versan sobre cester\u00eda de palma, tejedur\u00eda, ganchillo, frivolit\u00e9, macram\u00e9 y modista.","og_url":"https:\/\/artesaniadelapalma.com\/en\/la-escuela-insular-de-artesania-cabildo-de-la-palma-reabre-sus-aulas\/","og_site_name":"Artesan\u00eda de La Palma","article_published_time":"2020-09-14T07:43:26+00:00","article_modified_time":"2020-11-16T12:44:57+00:00","og_image":[{"width":1055,"height":614,"url":"https:\/\/artesaniadelapalma.com\/wp-content\/uploads\/2020\/09\/artesania-delapalma.jpg","type":"image\/jpeg"}],"author":"Artesan\u00eda de La Palma","twitter_card":"summary_large_image","twitter_misc":{"Written by":"Artesan\u00eda de La Palma","Est. reading time":"1 minute"},"schema":{"@context":"https:\/\/schema.org","@graph":[{"@type":"WebPage","@id":"https:\/\/artesaniadelapalma.com\/en\/la-escuela-insular-de-artesania-cabildo-de-la-palma-reabre-sus-aulas\/","url":"https:\/\/artesaniadelapalma.com\/en\/la-escuela-insular-de-artesania-cabildo-de-la-palma-reabre-sus-aulas\/","name":"La Escuela Insular de Artesan\u00eda Cabildo de La Palma reabre sus aulas - Artesan\u00eda de La Palma","isPartOf":{"@id":"https:\/\/artesaniadelapalma.com\/#website"},"datePublished":"2020-09-14T07:43:26+00:00","dateModified":"2020-11-16T12:44:57+00:00","author":{"@id":"https:\/\/artesaniadelapalma.com\/#\/schema\/person\/0a223f559baf3e3a73673fd4b4c32e1a"},"description":"Los cursos, promovidos por La Palma Artesan\u00eda, versan sobre cester\u00eda de palma, tejedur\u00eda, ganchillo, frivolit\u00e9, macram\u00e9 y modista.","breadcrumb":{"@id":"https:\/\/artesaniadelapalma.com\/en\/la-escuela-insular-de-artesania-cabildo-de-la-palma-reabre-sus-aulas\/#breadcrumb"},"inLanguage":"en-US","potentialAction":[{"@type":"ReadAction","target":["https:\/\/artesaniadelapalma.com\/en\/la-escuela-insular-de-artesania-cabildo-de-la-palma-reabre-sus-aulas\/"]}]},{"@type":"BreadcrumbList","@id":"https:\/\/artesaniadelapalma.com\/en\/la-escuela-insular-de-artesania-cabildo-de-la-palma-reabre-sus-aulas\/#breadcrumb","itemListElement":[{"@type":"ListItem","position":1,"name":"Portada","item":"https:\/\/artesaniadelapalma.com\/en\/"},{"@type":"ListItem","position":2,"name":"La Escuela Insular de Artesan\u00eda Cabildo de La Palma reabre sus aulas"}]},{"@type":"WebSite","@id":"https:\/\/artesaniadelapalma.com\/#website","url":"https:\/\/artesaniadelapalma.com\/","name":"Artesan\u00eda de La Palma","description":"Artesan\u00eda de La Palma \/ Cabildo Insular de La Palma","potentialAction":[{"@type":"SearchAction","target":{"@type":"EntryPoint","urlTemplate":"https:\/\/artesaniadelapalma.com\/?s={search_term_string}"},"query-input":"required name=search_term_string"}],"inLanguage":"en-US"},{"@type":"Person","@id":"https:\/\/artesaniadelapalma.com\/#\/schema\/person\/0a223f559baf3e3a73673fd4b4c32e1a","name":"Artesan\u00eda de La Palma","image":{"@type":"ImageObject","inLanguage":"en-US","@id":"https:\/\/artesaniadelapalma.com\/#\/schema\/person\/image\/","url":"https:\/\/secure.gravatar.com\/avatar\/ab47216f4035c5f8cf981e5fdfaa69d3?s=96&d=mm&r=g","contentUrl":"https:\/\/secure.gravatar.com\/avatar\/ab47216f4035c5f8cf981e5fdfaa69d3?s=96&d=mm&r=g","caption":"Artesan\u00eda de La Palma"},"sameAs":["https:\/\/artesaniadelapalma.com"],"url":"https:\/\/artesaniadelapalma.com\/en\/author\/isa\/"}]}},"_links":{"self":[{"href":"https:\/\/artesaniadelapalma.com\/en\/wp-json\/wp\/v2\/posts\/2118"}],"collection":[{"href":"https:\/\/artesaniadelapalma.com\/en\/wp-json\/wp\/v2\/posts"}],"about":[{"href":"https:\/\/artesaniadelapalma.com\/en\/wp-json\/wp\/v2\/types\/post"}],"author":[{"embeddable":true,"href":"https:\/\/artesaniadelapalma.com\/en\/wp-json\/wp\/v2\/users\/1"}],"replies":[{"embeddable":true,"href":"https:\/\/artesaniadelapalma.com\/en\/wp-json\/wp\/v2\/comments?post=2118"}],"version-history":[{"count":1,"href":"https:\/\/artesaniadelapalma.com\/en\/wp-json\/wp\/v2\/posts\/2118\/revisions"}],"predecessor-version":[{"id":2124,"href":"https:\/\/artesaniadelapalma.com\/en\/wp-json\/wp\/v2\/posts\/2118\/revisions\/2124"}],"wp:featuredmedia":[{"embeddable":true,"href":"https:\/\/artesaniadelapalma.com\/en\/wp-json\/wp\/v2\/media\/1463"}],"wp:attachment":[{"href":"https:\/\/artesaniadelapalma.com\/en\/wp-json\/wp\/v2\/media?parent=2118"}],"wp:term":[{"taxonomy":"category","embeddable":true,"href":"https:\/\/artesaniadelapalma.com\/en\/wp-json\/wp\/v2\/categories?post=2118"},{"taxonomy":"post_tag","embeddable":true,"href":"https:\/\/artesaniadelapalma.com\/en\/wp-json\/wp\/v2\/tags?post=2118"}],"curies":[{"name":"wp","href":"https:\/\/api.w.org\/{rel}","templated":true}]}}